{"id":20833,"date":"2022-03-29T08:00:30","date_gmt":"2022-03-29T11:00:30","guid":{"rendered":"https:\/\/sbu-sp.org.br\/medicos\/?p=20833"},"modified":"2022-03-29T08:00:30","modified_gmt":"2022-03-29T11:00:30","slug":"ulceras-genitais","status":"publish","type":"post","link":"https:\/\/sbu-sp.org.br\/medicos\/noticias\/ulceras-genitais\/","title":{"rendered":"\u00dalceras genitais"},"content":{"rendered":"<p><iframe loading=\"lazy\" title=\"YouTube video player\" src=\"https:\/\/www.youtube.com\/embed\/wUL7nxpftOc\" width=\"560\" height=\"315\" frameborder=\"0\" allowfullscreen=\"allowfullscreen\"><\/iframe><\/p>\n<hr \/>\n<p>Confira o &#8220;Como eu Fa\u00e7o&#8221; desta semana com o <strong>Dr. C\u00e9sar Nardy Zillo<\/strong> falando sobre diagnostico e tratamento das \u00falceras genitais.<\/p>\n<hr \/>\n<p>&nbsp;<\/p>\n","protected":false},"excerpt":{"rendered":"<p>Confira o &#8220;Como eu Fa\u00e7o&#8221; desta semana com o Dr. C\u00e9sar Nardy Zillo falando sobre diagnostico e tratamento das \u00falceras genitais. &nbsp;<\/p>\n","protected":false},"author":3,"featured_media":20834,"comment_status":"closed","ping_status":"closed","sticky":false,"template":"","format":"video","meta":{"footnotes":"","_links_to":"","_links_to_target":""},"categories":[271,33,4],"tags":[282],"class_list":["post-20833","post","type-post","status-publish","format-video","has-post-thumbnail","hentry","category-como-eu-faco","category-destaques","category-noticias","tag-ulceras-genitais","post_format-post-format-video"],"_links":{"self":[{"href":"https:\/\/sbu-sp.org.br\/medicos\/wp-json\/wp\/v2\/posts\/20833","targetHints":{"allow":["GET"]}}],"collection":[{"href":"https:\/\/sbu-sp.org.br\/medicos\/wp-json\/wp\/v2\/posts"}],"about":[{"href":"https:\/\/sbu-sp.org.br\/medicos\/wp-json\/wp\/v2\/types\/post"}],"author":[{"embeddable":true,"href":"https:\/\/sbu-sp.org.br\/medicos\/wp-json\/wp\/v2\/users\/3"}],"replies":[{"embeddable":true,"href":"https:\/\/sbu-sp.org.br\/medicos\/wp-json\/wp\/v2\/comments?post=20833"}],"version-history":[{"count":0,"href":"https:\/\/sbu-sp.org.br\/medicos\/wp-json\/wp\/v2\/posts\/20833\/revisions"}],"wp:featuredmedia":[{"embeddable":true,"href":"https:\/\/sbu-sp.org.br\/medicos\/wp-json\/"}],"wp:attachment":[{"href":"https:\/\/sbu-sp.org.br\/medicos\/wp-json\/wp\/v2\/media?parent=20833"}],"wp:term":[{"taxonomy":"category","embeddable":true,"href":"https:\/\/sbu-sp.org.br\/medicos\/wp-json\/wp\/v2\/categories?post=20833"},{"taxonomy":"post_tag","embeddable":true,"href":"https:\/\/sbu-sp.org.br\/medicos\/wp-json\/wp\/v2\/tags?post=20833"}],"curies":[{"name":"wp","href":"https:\/\/api.w.org\/{rel}","templated":true}]}}