{"id":10945,"date":"2017-02-23T17:19:00","date_gmt":"2017-02-23T20:19:00","guid":{"rendered":"http:\/\/sbu-sp.org.br\/novo\/?p=10945"},"modified":"2018-02-02T07:44:34","modified_gmt":"2018-02-02T10:44:34","slug":"b","status":"publish","type":"post","link":"https:\/\/sbu-sp.org.br\/publico\/b\/","title":{"rendered":"B"},"content":{"rendered":"<div class=\"main-post-content\">\n<p><strong>Balanopostite:<\/strong> Trata-se de um processo inflamat\u00f3rio ou infeccioso na glande ou no prep\u00facio. Se for de origem inflamat\u00f3ria, \u00e9 prov\u00e1vel que tenha sido causada por m\u00e1 higiene local. No segundo caso, de origem infecciosa, a patologia \u00e9 causada pelo fungo Candida albicans. Ele se aproveita do ambiente \u00famido e aquecido que existe entre a glande e o prep\u00facio para se desenvolver. Independentemente das causas, os sintomas gerais s\u00e3o: vermelhid\u00e3o, edema, secre\u00e7\u00e3o e dor.<\/p>\n<p><strong>Bexiga:<\/strong> Reservat\u00f3rio m\u00fasculo-membranoso situado na parte inferior do abdome e que recebe a urina vinda dos ureteres, lan\u00e7ando-a na uretra.<\/p>\n<p><strong>Braquiterapia:<\/strong> Radioterapia realizada por meio de implante de sementes radioativas no \u00f3rg\u00e3o a ser tratado.<\/p>\n<\/div>\n","protected":false},"excerpt":{"rendered":"<p>Balanopostite: Trata-se de um processo inflamat\u00f3rio ou infeccioso na glande ou no prep\u00facio. Se for de origem inflamat\u00f3ria, \u00e9 prov\u00e1vel que tenha sido causada por m\u00e1 higiene local. No segundo caso, de origem infecciosa, a patologia \u00e9 causada pelo fungo Candida albicans. Ele se aproveita do ambiente \u00famido e aquecido que existe entre a glande [&hellip;]<\/p>\n","protected":false},"author":2,"featured_media":10946,"comment_status":"closed","ping_status":"closed","sticky":false,"template":"","format":"standard","meta":{"footnotes":""},"categories":[292],"tags":[],"class_list":["post-10945","post","type-post","status-publish","format-standard","has-post-thumbnail","hentry","category-urologia-de-a-a-z"],"_links":{"self":[{"href":"https:\/\/sbu-sp.org.br\/publico\/wp-json\/wp\/v2\/posts\/10945","targetHints":{"allow":["GET"]}}],"collection":[{"href":"https:\/\/sbu-sp.org.br\/publico\/wp-json\/wp\/v2\/posts"}],"about":[{"href":"https:\/\/sbu-sp.org.br\/publico\/wp-json\/wp\/v2\/types\/post"}],"author":[{"embeddable":true,"href":"https:\/\/sbu-sp.org.br\/publico\/wp-json\/wp\/v2\/users\/2"}],"replies":[{"embeddable":true,"href":"https:\/\/sbu-sp.org.br\/publico\/wp-json\/wp\/v2\/comments?post=10945"}],"version-history":[{"count":1,"href":"https:\/\/sbu-sp.org.br\/publico\/wp-json\/wp\/v2\/posts\/10945\/revisions"}],"predecessor-version":[{"id":10947,"href":"https:\/\/sbu-sp.org.br\/publico\/wp-json\/wp\/v2\/posts\/10945\/revisions\/10947"}],"wp:featuredmedia":[{"embeddable":true,"href":"https:\/\/sbu-sp.org.br\/publico\/wp-json\/wp\/v2\/media\/10946"}],"wp:attachment":[{"href":"https:\/\/sbu-sp.org.br\/publico\/wp-json\/wp\/v2\/media?parent=10945"}],"wp:term":[{"taxonomy":"category","embeddable":true,"href":"https:\/\/sbu-sp.org.br\/publico\/wp-json\/wp\/v2\/categories?post=10945"},{"taxonomy":"post_tag","embeddable":true,"href":"https:\/\/sbu-sp.org.br\/publico\/wp-json\/wp\/v2\/tags?post=10945"}],"curies":[{"name":"wp","href":"https:\/\/api.w.org\/{rel}","templated":true}]}}