{"id":19098,"date":"2021-12-01T00:58:28","date_gmt":"2021-12-01T03:58:28","guid":{"rendered":"https:\/\/sbu-sp.org.br\/publico\/?p=19098"},"modified":"2021-12-01T00:58:28","modified_gmt":"2021-12-01T03:58:28","slug":"sbu-sp-na-midia-portal-drauzio-varella-tambem-alerta-para-o-novembro-azul","status":"publish","type":"post","link":"https:\/\/sbu-sp.org.br\/publico\/sbu-sp-na-midia-portal-drauzio-varella-tambem-alerta-para-o-novembro-azul\/","title":{"rendered":"[SBU SP na m\u00eddia] Portal Drauzio Varella tamb\u00e9m alerta para o Novembro Azul"},"content":{"rendered":"<p class=\"h3 mb-3\">Sa\u00fade do homem: autocuidado vai al\u00e9m do exame de pr\u00f3stata \u00e9 o tema da mat\u00e9ria do Portal Drauzio Varella, que tamb\u00e9m destacou a import\u00e2ncia do cuidado da sa\u00fade do homem.<\/p>\n<p>Leia a mat\u00e9ria completa <a href=\"https:\/\/drauziovarella.uol.com.br\/saude-publica\/saude-do-homem-autocuidado-vai-alem-do-exame-de-prostata\/\" target=\"_blank\" rel=\"noopener\"><strong><span style=\"color: #0000ff;\">AQUI<\/span><\/strong><\/a><\/p>\n<p><a href=\"https:\/\/drauziovarella.uol.com.br\/saude-publica\/saude-do-homem-autocuidado-vai-alem-do-exame-de-prostata\/\" target=\"_blank\" rel=\"noopener\"><img loading=\"lazy\" decoding=\"async\" class=\"alignnone wp-image-19099\" src=\"https:\/\/sbu-sp.org.br\/publico\/wp-content\/uploads\/2021\/12\/drauzio.png\" alt=\"\" width=\"800\" height=\"450\" srcset=\"https:\/\/sbu-sp.org.br\/publico\/wp-content\/uploads\/2021\/12\/drauzio.png 1280w, https:\/\/sbu-sp.org.br\/publico\/wp-content\/uploads\/2021\/12\/drauzio-300x168.png 300w, https:\/\/sbu-sp.org.br\/publico\/wp-content\/uploads\/2021\/12\/drauzio-1024x576.png 1024w, https:\/\/sbu-sp.org.br\/publico\/wp-content\/uploads\/2021\/12\/drauzio-768x432.png 768w, https:\/\/sbu-sp.org.br\/publico\/wp-content\/uploads\/2021\/12\/drauzio-990x557.png 990w, https:\/\/sbu-sp.org.br\/publico\/wp-content\/uploads\/2021\/12\/drauzio-470x264.png 470w, https:\/\/sbu-sp.org.br\/publico\/wp-content\/uploads\/2021\/12\/drauzio-640x360.png 640w, https:\/\/sbu-sp.org.br\/publico\/wp-content\/uploads\/2021\/12\/drauzio-215x120.png 215w, https:\/\/sbu-sp.org.br\/publico\/wp-content\/uploads\/2021\/12\/drauzio-414x232.png 414w\" sizes=\"auto, (max-width: 800px) 100vw, 800px\" \/><\/a><\/p>\n","protected":false},"excerpt":{"rendered":"<p>Sa\u00fade do homem: autocuidado vai al\u00e9m do exame de pr\u00f3stata \u00e9 o tema da mat\u00e9ria do Portal Drauzio Varella, que tamb\u00e9m destacou a import\u00e2ncia do cuidado da sa\u00fade do homem. Leia a mat\u00e9ria completa AQUI<\/p>\n","protected":false},"author":11,"featured_media":19099,"comment_status":"closed","ping_status":"closed","sticky":false,"template":"","format":"standard","meta":{"footnotes":""},"categories":[413,390],"tags":[239,238],"class_list":["post-19098","post","type-post","status-publish","format-standard","has-post-thumbnail","hentry","category-novembro-azul-2021","category-sbu-sp-na-midia","tag-cancer-de-prostata","tag-novembro-azul"],"_links":{"self":[{"href":"https:\/\/sbu-sp.org.br\/publico\/wp-json\/wp\/v2\/posts\/19098","targetHints":{"allow":["GET"]}}],"collection":[{"href":"https:\/\/sbu-sp.org.br\/publico\/wp-json\/wp\/v2\/posts"}],"about":[{"href":"https:\/\/sbu-sp.org.br\/publico\/wp-json\/wp\/v2\/types\/post"}],"author":[{"embeddable":true,"href":"https:\/\/sbu-sp.org.br\/publico\/wp-json\/wp\/v2\/users\/11"}],"replies":[{"embeddable":true,"href":"https:\/\/sbu-sp.org.br\/publico\/wp-json\/wp\/v2\/comments?post=19098"}],"version-history":[{"count":1,"href":"https:\/\/sbu-sp.org.br\/publico\/wp-json\/wp\/v2\/posts\/19098\/revisions"}],"predecessor-version":[{"id":19100,"href":"https:\/\/sbu-sp.org.br\/publico\/wp-json\/wp\/v2\/posts\/19098\/revisions\/19100"}],"wp:featuredmedia":[{"embeddable":true,"href":"https:\/\/sbu-sp.org.br\/publico\/wp-json\/wp\/v2\/media\/19099"}],"wp:attachment":[{"href":"https:\/\/sbu-sp.org.br\/publico\/wp-json\/wp\/v2\/media?parent=19098"}],"wp:term":[{"taxonomy":"category","embeddable":true,"href":"https:\/\/sbu-sp.org.br\/publico\/wp-json\/wp\/v2\/categories?post=19098"},{"taxonomy":"post_tag","embeddable":true,"href":"https:\/\/sbu-sp.org.br\/publico\/wp-json\/wp\/v2\/tags?post=19098"}],"curies":[{"name":"wp","href":"https:\/\/api.w.org\/{rel}","templated":true}]}}