{"id":19433,"date":"2022-11-03T09:14:18","date_gmt":"2022-11-03T12:14:18","guid":{"rendered":"https:\/\/sbu-sp.org.br\/publico\/?p=19433"},"modified":"2022-11-03T09:17:37","modified_gmt":"2022-11-03T12:17:37","slug":"sbu-sp-na-midia-novembro-azul-cancer-de-prostata-e-mais-frequente-em-negros-entenda","status":"publish","type":"post","link":"https:\/\/sbu-sp.org.br\/publico\/sbu-sp-na-midia-novembro-azul-cancer-de-prostata-e-mais-frequente-em-negros-entenda\/","title":{"rendered":"[SBU-SP na m\u00eddia] Novembro azul: c\u00e2ncer de pr\u00f3stata \u00e9 mais frequente em negros; entenda"},"content":{"rendered":"<p>Estudo revelou que homens de pele negra t\u00eam at\u00e9 11% mais chances de desenvolverem o c\u00e2ncer de pr\u00f3stata. Paciente relata sua experi\u00eancia com a doen\u00e7a.<\/p>\n<p>O Novembro Azul \u00e9 o m\u00eas mundial de combate ao c\u00e2ncer de pr\u00f3stata, o tipo mais comum entre os homens, e a causa de morte de 28,6% da popula\u00e7\u00e3o masculina que desenvolve neoplasias malignas, de acordo com o Minist\u00e9rio da Sa\u00fade. Segundo o Instituto Nacional do C\u00e2ncer (Inca), um homem morre a cada 38 minutos devido ao c\u00e2ncer de pr\u00f3stata no Brasil.<\/p>\n<p><a href=\"https:\/\/www.terra.com.br\/vida-e-estilo\/saude\/doencas-e-tratamentos\/novembro-azul-cancer-de-prostata-e-mais-frequente-em-negros-entenda,ffe307c756fab67d6955a26e2c1a2bc4kpyn26h6.html\">Clique aqui<\/a> e confira a mat\u00e9ria completa, que conta com a participa\u00e7\u00e3o do Dr. Marcelo Wroclawski, presidente da SBU-SP.<\/p>\n<p><img decoding=\"async\" src=\"https:\/\/sbu-sp.org.br\/medicos\/wp-content\/uploads\/2022\/11\/novembroazul_terra.webp\" \/><\/p>\n","protected":false},"excerpt":{"rendered":"<p>Estudo revelou que homens de pele negra t\u00eam at\u00e9 11% mais chances de desenvolverem o c\u00e2ncer de pr\u00f3stata. Paciente relata sua experi\u00eancia com a doen\u00e7a. O Novembro Azul \u00e9 o m\u00eas mundial de combate ao c\u00e2ncer de pr\u00f3stata, o tipo mais comum entre os homens, e a causa de morte de 28,6% da popula\u00e7\u00e3o masculina [&hellip;]<\/p>\n","protected":false},"author":11,"featured_media":19436,"comment_status":"closed","ping_status":"closed","sticky":false,"template":"","format":"standard","meta":{"footnotes":""},"categories":[427,390],"tags":[],"class_list":["post-19433","post","type-post","status-publish","format-standard","has-post-thumbnail","hentry","category-novembro-azul-2022","category-sbu-sp-na-midia"],"_links":{"self":[{"href":"https:\/\/sbu-sp.org.br\/publico\/wp-json\/wp\/v2\/posts\/19433","targetHints":{"allow":["GET"]}}],"collection":[{"href":"https:\/\/sbu-sp.org.br\/publico\/wp-json\/wp\/v2\/posts"}],"about":[{"href":"https:\/\/sbu-sp.org.br\/publico\/wp-json\/wp\/v2\/types\/post"}],"author":[{"embeddable":true,"href":"https:\/\/sbu-sp.org.br\/publico\/wp-json\/wp\/v2\/users\/11"}],"replies":[{"embeddable":true,"href":"https:\/\/sbu-sp.org.br\/publico\/wp-json\/wp\/v2\/comments?post=19433"}],"version-history":[{"count":1,"href":"https:\/\/sbu-sp.org.br\/publico\/wp-json\/wp\/v2\/posts\/19433\/revisions"}],"predecessor-version":[{"id":19435,"href":"https:\/\/sbu-sp.org.br\/publico\/wp-json\/wp\/v2\/posts\/19433\/revisions\/19435"}],"wp:featuredmedia":[{"embeddable":true,"href":"https:\/\/sbu-sp.org.br\/publico\/wp-json\/wp\/v2\/media\/19436"}],"wp:attachment":[{"href":"https:\/\/sbu-sp.org.br\/publico\/wp-json\/wp\/v2\/media?parent=19433"}],"wp:term":[{"taxonomy":"category","embeddable":true,"href":"https:\/\/sbu-sp.org.br\/publico\/wp-json\/wp\/v2\/categories?post=19433"},{"taxonomy":"post_tag","embeddable":true,"href":"https:\/\/sbu-sp.org.br\/publico\/wp-json\/wp\/v2\/tags?post=19433"}],"curies":[{"name":"wp","href":"https:\/\/api.w.org\/{rel}","templated":true}]}}