{"id":21045,"date":"2026-03-12T15:54:12","date_gmt":"2026-03-12T18:54:12","guid":{"rendered":"https:\/\/sbu-sp.org.br\/publico\/?p=21045"},"modified":"2026-03-18T11:16:51","modified_gmt":"2026-03-18T14:16:51","slug":"estudos-mostram-que-homens-apresentam-maior-risco-de-infeccao-oral-por-hpv-do-que-mulheres","status":"publish","type":"post","link":"https:\/\/sbu-sp.org.br\/publico\/estudos-mostram-que-homens-apresentam-maior-risco-de-infeccao-oral-por-hpv-do-que-mulheres\/","title":{"rendered":"Estudos mostram que homens apresentam maior risco de infec\u00e7\u00e3o oral por HPV do que mulheres"},"content":{"rendered":"<p><em>Em v\u00e1rios pa\u00edses \u00e9 comum casos de c\u00e2ncer de orofaringe<\/em><em> na popula\u00e7\u00e3o sexualmente ativa. O uso de preservativos e a imuniza\u00e7\u00e3o continuam sendo meios de preven\u00e7\u00e3o da doen\u00e7a<\/em><\/p>\n<p><strong>Mar\u00e7o de 2025<\/strong> \u2013 Recentemente, o ator brit\u00e2nico Anthony Perriam foi diagnosticado com um c\u00e2ncer de cabe\u00e7a e pesco\u00e7o relacionado ao v\u00edrus do papiloma humano (HPV), e quase perdeu a l\u00edngua. Atualmente, ele usa as redes sociais para conscientizar outros homens.<\/p>\n<p>Historicamente, sabemos que esse tipo de v\u00edrus foi associado quase que exclusivamente ao c\u00e2ncer de colo do \u00fatero, que ocupa o terceiro lugar entre os c\u00e2nceres mais frequentes nas mulheres, excluindo os c\u00e2nceres de pele n\u00e3o melanoma. Isso ocorre porque esse tumor \u00e9 altamente prevalente e, em cerca de 99% dos casos, est\u00e1 relacionado \u00e0 infec\u00e7\u00e3o por HPV.<\/p>\n<p>Cerca de 20% dos c\u00e2nceres humanos s\u00e3o causados por v\u00edrus \u2013 e destes, 50%, segundo levantamento do Minist\u00e9rio da Sa\u00fade, s\u00e3o provocados pelo papilomav\u00edrus humano e infecta atualmente 9 e 10 milh\u00f5es de pessoas no Brasil com estimativa que apare\u00e7am mais de 700 mil novos casos anualmente.<\/p>\n<p>Existem programas bem estruturados de rastreamento para mulheres, como o Papanicolau, que refor\u00e7am essa associa\u00e7\u00e3o hist\u00f3rica entre HPV e sa\u00fade feminina. Nos homens, por\u00e9m, o HPV tamb\u00e9m pode causar c\u00e2ncer \u2014 principalmente de p\u00eanis, \u00e2nus e orofaringe \u2014 mas esses tumores foram, por muito tempo, menos reconhecidos como relacionados ao v\u00edrus. Outro fator importante \u00e9 que n\u00e3o existe um programa de rastreamento estruturado para homens semelhante ao que ocorre nas mulheres. Nesse contexto, o mais importante hoje \u00e9 ampliar a conscientiza\u00e7\u00e3o, a vacina\u00e7\u00e3o e o diagn\u00f3stico precoce das les\u00f5es associadas ao HPV.<\/p>\n<p>Nos \u00faltimos anos, percebemos que isso come\u00e7ou a mudar j\u00e1 que HPV tamb\u00e9m est\u00e1 relacionado a uma propor\u00e7\u00e3o crescente de c\u00e2nceres de cabe\u00e7a e pesco\u00e7o, especialmente em homens, o que tem ampliado a discuss\u00e3o sobre o impacto do v\u00edrus tamb\u00e9m na sa\u00fade masculina. \u00c9 um v\u00edrus se instala principalmente pela rela\u00e7\u00e3o sexual e a transmiss\u00e3o acontece via pele ou mucosas nas genitais, uretra, boca e \u00e2nus e canal anal, provocando verrugas anogenitais.<\/p>\n<p>A doen\u00e7a acomete homens e mulheres praticamente na mesma propor\u00e7\u00e3o e, a depender do tipo de v\u00edrus e de sua persist\u00eancia, pode evoluir para c\u00e2ncer. Nos tumores de cabe\u00e7a e pesco\u00e7o de forma geral, os principais fatores de risco historicamente s\u00e3o o tabagismo e o consumo de \u00e1lcool.<\/p>\n<p>No entanto, uma parcela crescente dos tumores da orofaringe \u2014 especialmente na base da l\u00edngua, nas am\u00edgdalas e no palato mole \u2014 est\u00e1 associada \u00e0 infec\u00e7\u00e3o pelo HPV, principalmente relacionada \u00e0 transmiss\u00e3o durante o sexo oral. A mucosa dessa regi\u00e3o possui criptas profundas, que funcionam como pequenas cavidades onde o v\u00edrus pode se alojar e persistir.<\/p>\n<p>Essa caracter\u00edstica facilita a infec\u00e7\u00e3o e a perman\u00eancia do HPV nas c\u00e9lulas dessa regi\u00e3o. Outro ponto importante \u00e9 que, diferentemente do que ocorre no colo do \u00fatero, onde existe uma sequ\u00eancia bem definida de les\u00f5es precursoras, na orofaringe, geralmente, n\u00e3o observamos essas fases pr\u00e9-cancerosas identific\u00e1veis clinicamente. Muitas vezes o tumor j\u00e1 se manifesta diretamente como les\u00e3o maligna, o que dificulta o diagn\u00f3stico precoce.<\/p>\n<p>Estudos mostram que homens apresentam maior taxa de infec\u00e7\u00e3o oral persistente por HPV, o que aumenta o risco de desenvolvimento de c\u00e2ncer nessa regi\u00e3o. Por isso, atualmente observa-se em v\u00e1rios pa\u00edses que o c\u00e2ncer de orofaringe associado ao HPV \u00e9 mais frequente em homens do que em mulheres.<\/p>\n<p><strong>Formas de preven\u00e7\u00e3o<\/strong><\/p>\n<p>Importante lembrar do uso de preservativos durante as rela\u00e7\u00f5es sexuais e, de prefer\u00eancia com a mesma parceira\/o, al\u00e9m de buscar a vacina como meio de preven\u00e7\u00e3o prim\u00e1ria, pois estimula a produ\u00e7\u00e3o de elevada quantidade de anticorpos reduzindo muito o risco de contamina\u00e7\u00e3o pelos tipos de HPV.<\/p>\n<p>Apenas mulheres gr\u00e1vidas, e pessoas que tiveram alguma rea\u00e7\u00e3o al\u00e9rgica grave, devem evit\u00e1-la. Meninos e meninas entre 9 a 14 anos de idade podem receber a vacina quadrivalente gratuitamente no SUS, pois continua sendo a forma mais eficaz de preven\u00e7\u00e3o, j\u00e1 que protege contra os principais tipos de HPV associados a c\u00e2ncer e verrugas genitais.<\/p>\n<p>Hoje a recomenda\u00e7\u00e3o \u00e9 que meninos tamb\u00e9m sejam vacinados, idealmente a partir dos nove anos, da mesma forma que as meninas. Isso \u00e9 fundamental porque o HPV afeta ambos os sexos e a vacina\u00e7\u00e3o masculina ajuda a reduzir a circula\u00e7\u00e3o do v\u00edrus na popula\u00e7\u00e3o.<\/p>\n<p><strong>Alguns pontos importantes:<\/strong><\/p>\n<ul>\n<li>N\u00e3o \u00e9 uma vacina anual;<\/li>\n<li>O esquema vacinal depende da idade:<\/li>\n<li>2 doses para crian\u00e7as e adolescentes entre 9 e 14 anos.<\/li>\n<li>3 doses para quem inicia a vacina\u00e7\u00e3o mais tarde ou em grupos espec\u00edficos.<\/li>\n<\/ul>\n<p>Com rela\u00e7\u00e3o \u00e0s campanhas de conscientiza\u00e7\u00e3o houve avan\u00e7os importantes, principalmente com a inclus\u00e3o dos meninos na vacina\u00e7\u00e3o contra HPV e com maior divulga\u00e7\u00e3o cient\u00edfica sobre o v\u00edrus, por\u00e9m, ainda estamos atrasados em rela\u00e7\u00e3o a pa\u00edses que possuem altas coberturas vacinais, como Austr\u00e1lia, Reino Unido e alguns pa\u00edses europeus.<\/p>\n<p>Nessas regi\u00f5es, a vacina\u00e7\u00e3o j\u00e1 est\u00e1 produzindo queda expressiva de les\u00f5es precursoras e de alguns c\u00e2nceres relacionados ao HPV. No Brasil, o grande desafio \u00e9 ainda aumentar a cobertura vacinal e ampliar a informa\u00e7\u00e3o sobre o HPV tamb\u00e9m nos homens, j\u00e1 que muitos ainda acreditam que esse v\u00edrus seja um problema apenas feminino.<\/p>\n<figure id=\"attachment_21047\" aria-describedby=\"caption-attachment-21047\" style=\"width: 342px\" class=\"wp-caption alignnone\"><img loading=\"lazy\" decoding=\"async\" class=\"wp-image-21047\" src=\"https:\/\/sbu-sp.org.br\/publico\/wp-content\/uploads\/2026\/03\/dr-julio.png\" alt=\"\" width=\"342\" height=\"342\" srcset=\"https:\/\/sbu-sp.org.br\/publico\/wp-content\/uploads\/2026\/03\/dr-julio.png 400w, https:\/\/sbu-sp.org.br\/publico\/wp-content\/uploads\/2026\/03\/dr-julio-300x300.png 300w, https:\/\/sbu-sp.org.br\/publico\/wp-content\/uploads\/2026\/03\/dr-julio-150x150.png 150w, https:\/\/sbu-sp.org.br\/publico\/wp-content\/uploads\/2026\/03\/dr-julio-100x100.png 100w\" sizes=\"auto, (max-width: 342px) 100vw, 342px\" \/><figcaption id=\"caption-attachment-21047\" class=\"wp-caption-text\">*Julio Zonzini<\/figcaption><\/figure>\n<p>Urologista e Coordenador do Departamento de Urologia Geral\/IST da Sociedade Brasileira de Urologia de S\u00e3o Paulo.<\/p>\n","protected":false},"excerpt":{"rendered":"<p>Em v\u00e1rios pa\u00edses \u00e9 comum casos de c\u00e2ncer de orofaringe na popula\u00e7\u00e3o sexualmente ativa. O uso de preservativos e a imuniza\u00e7\u00e3o continuam sendo meios de preven\u00e7\u00e3o da doen\u00e7a Mar\u00e7o de 2025 \u2013 Recentemente, o ator brit\u00e2nico Anthony Perriam foi diagnosticado com um c\u00e2ncer de cabe\u00e7a e pesco\u00e7o relacionado ao v\u00edrus do papiloma humano (HPV), e [&hellip;]<\/p>\n","protected":false},"author":11,"featured_media":21046,"comment_status":"closed","ping_status":"closed","sticky":false,"template":"","format":"standard","meta":{"footnotes":""},"categories":[391],"tags":[],"class_list":["post-21045","post","type-post","status-publish","format-standard","has-post-thumbnail","hentry","category-noticias"],"_links":{"self":[{"href":"https:\/\/sbu-sp.org.br\/publico\/wp-json\/wp\/v2\/posts\/21045","targetHints":{"allow":["GET"]}}],"collection":[{"href":"https:\/\/sbu-sp.org.br\/publico\/wp-json\/wp\/v2\/posts"}],"about":[{"href":"https:\/\/sbu-sp.org.br\/publico\/wp-json\/wp\/v2\/types\/post"}],"author":[{"embeddable":true,"href":"https:\/\/sbu-sp.org.br\/publico\/wp-json\/wp\/v2\/users\/11"}],"replies":[{"embeddable":true,"href":"https:\/\/sbu-sp.org.br\/publico\/wp-json\/wp\/v2\/comments?post=21045"}],"version-history":[{"count":5,"href":"https:\/\/sbu-sp.org.br\/publico\/wp-json\/wp\/v2\/posts\/21045\/revisions"}],"predecessor-version":[{"id":21074,"href":"https:\/\/sbu-sp.org.br\/publico\/wp-json\/wp\/v2\/posts\/21045\/revisions\/21074"}],"wp:featuredmedia":[{"embeddable":true,"href":"https:\/\/sbu-sp.org.br\/publico\/wp-json\/wp\/v2\/media\/21046"}],"wp:attachment":[{"href":"https:\/\/sbu-sp.org.br\/publico\/wp-json\/wp\/v2\/media?parent=21045"}],"wp:term":[{"taxonomy":"category","embeddable":true,"href":"https:\/\/sbu-sp.org.br\/publico\/wp-json\/wp\/v2\/categories?post=21045"},{"taxonomy":"post_tag","embeddable":true,"href":"https:\/\/sbu-sp.org.br\/publico\/wp-json\/wp\/v2\/tags?post=21045"}],"curies":[{"name":"wp","href":"https:\/\/api.w.org\/{rel}","templated":true}]}}