{"id":8467,"date":"2016-11-04T10:34:25","date_gmt":"2016-11-04T13:34:25","guid":{"rendered":"http:\/\/sbu-sp.org.br\/?p=8467"},"modified":"2016-11-04T10:35:53","modified_gmt":"2016-11-04T13:35:53","slug":"sbu-sp-participa-de-evento-de-valorizacao-dos-honorarios-medicos","status":"publish","type":"post","link":"https:\/\/sbu-sp.org.br\/publico\/sbu-sp-participa-de-evento-de-valorizacao-dos-honorarios-medicos\/","title":{"rendered":"SBU-SP participa de evento de Valoriza\u00e7\u00e3o dos Honor\u00e1rios M\u00e9dicos"},"content":{"rendered":"<p><strong>Tema:<\/strong> Valoriza\u00e7\u00e3o dos Honor\u00e1rios M\u00e9dicos<br \/>\n<strong>Data:<\/strong> 21\/11\/2016<br \/>\n<strong>Hor\u00e1rio:<\/strong> 20h00<br \/>\n<strong>Palestrante:<\/strong> Dr. Armando Abramtes &#8211; Chefe do Departamento de Defesa Profissional da SBU-SP<br \/>\n<strong>Local:<\/strong> Associa\u00e7\u00e3o Paulista de Medicina (APM) &#8211;\u00a0Seccional Santos<\/p>\n<p>Participe!<\/p>\n<p>&nbsp;<\/p>\n","protected":false},"excerpt":{"rendered":"<p>Tema: Valoriza\u00e7\u00e3o dos Honor\u00e1rios M\u00e9dicos Data: 21\/11\/2016 Hor\u00e1rio: 20h00 Palestrante: Dr. Armando Abramtes &#8211; Chefe do Departamento de Defesa Profissional da SBU-SP Local: Associa\u00e7\u00e3o Paulista de Medicina (APM) &#8211;\u00a0Seccional Santos Participe! &nbsp;<\/p>\n","protected":false},"author":11,"featured_media":8471,"comment_status":"open","ping_status":"open","sticky":false,"template":"","format":"standard","meta":{"footnotes":""},"categories":[1],"tags":[],"class_list":["post-8467","post","type-post","status-publish","format-standard","has-post-thumbnail","hentry","category-sem-categoria"],"_links":{"self":[{"href":"https:\/\/sbu-sp.org.br\/publico\/wp-json\/wp\/v2\/posts\/8467","targetHints":{"allow":["GET"]}}],"collection":[{"href":"https:\/\/sbu-sp.org.br\/publico\/wp-json\/wp\/v2\/posts"}],"about":[{"href":"https:\/\/sbu-sp.org.br\/publico\/wp-json\/wp\/v2\/types\/post"}],"author":[{"embeddable":true,"href":"https:\/\/sbu-sp.org.br\/publico\/wp-json\/wp\/v2\/users\/11"}],"replies":[{"embeddable":true,"href":"https:\/\/sbu-sp.org.br\/publico\/wp-json\/wp\/v2\/comments?post=8467"}],"version-history":[{"count":1,"href":"https:\/\/sbu-sp.org.br\/publico\/wp-json\/wp\/v2\/posts\/8467\/revisions"}],"predecessor-version":[{"id":8472,"href":"https:\/\/sbu-sp.org.br\/publico\/wp-json\/wp\/v2\/posts\/8467\/revisions\/8472"}],"wp:featuredmedia":[{"embeddable":true,"href":"https:\/\/sbu-sp.org.br\/publico\/wp-json\/wp\/v2\/media\/8471"}],"wp:attachment":[{"href":"https:\/\/sbu-sp.org.br\/publico\/wp-json\/wp\/v2\/media?parent=8467"}],"wp:term":[{"taxonomy":"category","embeddable":true,"href":"https:\/\/sbu-sp.org.br\/publico\/wp-json\/wp\/v2\/categories?post=8467"},{"taxonomy":"post_tag","embeddable":true,"href":"https:\/\/sbu-sp.org.br\/publico\/wp-json\/wp\/v2\/tags?post=8467"}],"curies":[{"name":"wp","href":"https:\/\/api.w.org\/{rel}","templated":true}]}}